{"id":15606,"date":"2026-05-02T05:39:57","date_gmt":"2026-05-02T05:39:57","guid":{"rendered":"https:\/\/uni-crema.it\/uni-crema\/?p=15606"},"modified":"2026-05-02T05:41:26","modified_gmt":"2026-05-02T05:41:26","slug":"lectio-magistralis-con-il-prof-tommaso-greco","status":"publish","type":"post","link":"https:\/\/uni-crema.it\/uni-crema\/2026\/05\/02\/lectio-magistralis-con-il-prof-tommaso-greco\/","title":{"rendered":"Lectio magistralis con  il prof. Tommaso Greco"},"content":{"rendered":"<p>UNI-Crema organizza per <strong>mercoled\u00ec 20 maggio<\/strong> una lectio magistralis dal titolo &#8220;<em>Mai pi\u00f9 guerra. Un&#8217;utopia da dimenticare?<\/em>&#8220;.<\/p>\n<p>Interverr\u00e0 il prof. <strong>Tommaso Greco<\/strong> ordinario di Filosofia del diritto presso l&#8217;Universit\u00e0 di Pisa, con l&#8217;intervento del prof. <strong>Silvano Allasia<\/strong>, docente di UNI-Crema.<\/p>\n<p>L&#8217;appuntamento, organizzato con la collaborazione del Comune di Crema, avr\u00e0 inizio alle ore 15.30, si terr\u00e0 nella Sala Alessandrini di Via Matilde di Canossa e sar\u00e0 aperto a tutta alla cittadinanza.<\/p>\n<h3>Tommaso Greco<\/h3>\n<p>Tommaso Greco (Caloveto\/CS, 1968) si \u00e8 laureato in Scienze Politiche presso l\u2019Universit\u00e0 di Pisa e ha conseguito il Dottorato di ricerca in Storia del pensiero politico e delle istituzioni politiche presso l\u2019Universit\u00e0 di Torino.<\/p>\n<p>Ha compiuto studi post-dottorato di filosofia del diritto presso l&#8217;Universit\u00e0 Suor Orsola Benincasa di Napoli. Dal 1 gennaio 2016 \u00e8 professore ordinario del settore IUS 20 (Filosofia del diritto) presso la Facolt\u00e0 di Giurisprudenza dell&#8217;Universit\u00e0 di Pisa. Svolge attivit\u00e0 didattica anche presso l\u2019Accademia Navale di Livorno, dove insegna &#8220;<em>Deontologia, Logica e argomentazione giuridica<\/em>&#8220;, e presso il corso di laurea in Scienze per la Pace, dove insegna &#8220;<em>Teoria dei Peace Studies<\/em>&#8220;. Tra le sue pubblicazioni, &#8220;<em>Norberto Bobbio.&nbsp;Un itinerario intellettuale tra filosofia e politica<\/em>&#8221; (Donzelli 2000); &#8220;<em>La bilancia e la croce. Diritto e giustizia in Simone Weil<\/em>&#8221; (Giappichelli 2006); &#8220;<em>Diritto e legame sociale<\/em>&#8221; (Giappichelli,2012); &#8220;<em>La legge della fiducia. Alle radici del diritto<\/em>&#8221; (Laterza, 2021, Premio Nazionale Letterario Pisa per la saggistica 2022); &#8220;<em>Curare il mondo con Simone Weil<\/em>&#8221; (Laterza, 2023); &#8220;<em>L&#8217;orizzonte del giurista. Saggi per una filosofia del diritto &#8216;aperta&#8217;<\/em> &#8221; (Giappichelli, 2023). Ha curato la pubblicazione di volumi sui diritti umani oltre a &#8220;<em>Dimensioni della sicurezza<\/em>&#8221; (Giappichelli 2009).<\/p>\n<p>Dirige la collana \u201c<em>Bobbiana<\/em>\u201d dell\u2019editore Giappichelli, nella quale vengono riproposte le opere universitarie di Norberto Bobbio, e la rivista &#8220;<em>Diacronia. Rivista di storia della filosofia del diritto<\/em>&#8221; (Pisa University Press).<\/p>\n<p>Da febbraio 2021 \u00e8 Direttore del Centro Interdipartimentale di Bioetica dell&#8217;Universit\u00e0 di Pisa. Nel 2024 gli \u00e8 stato assegnato il Premio &#8220;<em>Bartolo da Sassoferrato per le scienze giuridiche e politiche<\/em>&#8221; nella sezione &#8220;Pensare la pace&#8221; (fonte: Universit\u00f2 di Pisa).<\/p>\n<p><img loading=\"lazy\" decoding=\"async\" class=\"aligncenter size-full wp-image-15607\" src=\"https:\/\/uni-crema.it\/uni-crema\/wp-content\/uploads\/2026\/05\/2026-05-20-mai-piu-guerra.jpg\" alt=\"Locandina.\" width=\"860\" height=\"1200\" srcset=\"https:\/\/uni-crema.it\/uni-crema\/wp-content\/uploads\/2026\/05\/2026-05-20-mai-piu-guerra.jpg 860w, https:\/\/uni-crema.it\/uni-crema\/wp-content\/uploads\/2026\/05\/2026-05-20-mai-piu-guerra-215x300.jpg 215w, https:\/\/uni-crema.it\/uni-crema\/wp-content\/uploads\/2026\/05\/2026-05-20-mai-piu-guerra-734x1024.jpg 734w, https:\/\/uni-crema.it\/uni-crema\/wp-content\/uploads\/2026\/05\/2026-05-20-mai-piu-guerra-768x1072.jpg 768w\" sizes=\"auto, (max-width: 860px) 100vw, 860px\" \/><\/p>\n","protected":false},"excerpt":{"rendered":"<p>Mercoled\u00ec 20 maggio un incontro intitolato &#8220;Mai pi\u00f9 guerra. Un&#8217;utopia da dimenticare?&#8221;<\/p>\n","protected":false},"author":1,"featured_media":15608,"comment_status":"closed","ping_status":"closed","sticky":false,"template":"","format":"standard","meta":{"neve_meta_sidebar":"","neve_meta_container":"","neve_meta_enable_content_width":"off","neve_meta_content_width":70,"neve_meta_title_alignment":"","neve_meta_author_avatar":"","neve_post_elements_order":"","neve_meta_disable_header":"","neve_meta_disable_footer":"","neve_meta_disable_title":"","ngg_post_thumbnail":0,"cybocfi_hide_featured_image":"","footnotes":""},"categories":[109],"tags":[],"post_folder":[],"class_list":["post-15606","post","type-post","status-publish","format-standard","has-post-thumbnail","hentry","category-notizie-in-evidenza"],"yoast_head":"<!-- This site is optimized with the Yoast SEO plugin v27.5 - https:\/\/yoast.com\/product\/yoast-seo-wordpress\/ -->\n<title>Lectio magistralis con il prof. Tommaso Greco - UNI-Crema<\/title>\n<meta name=\"robots\" content=\"index, follow, max-snippet:-1, max-image-preview:large, max-video-preview:-1\" \/>\n<link rel=\"canonical\" href=\"https:\/\/uni-crema.it\/uni-crema\/2026\/05\/02\/lectio-magistralis-con-il-prof-tommaso-greco\/\" \/>\n<meta property=\"og:locale\" content=\"it_IT\" \/>\n<meta property=\"og:type\" content=\"article\" \/>\n<meta property=\"og:title\" content=\"Lectio magistralis con il prof. Tommaso Greco - UNI-Crema\" \/>\n<meta property=\"og:description\" content=\"Mercoled\u00ec 20 maggio un incontro intitolato &quot;Mai pi\u00f9 guerra. Un&#039;utopia da dimenticare?&quot;\" \/>\n<meta property=\"og:url\" content=\"https:\/\/uni-crema.it\/uni-crema\/2026\/05\/02\/lectio-magistralis-con-il-prof-tommaso-greco\/\" \/>\n<meta property=\"og:site_name\" content=\"UNI-Crema\" \/>\n<meta property=\"article:published_time\" content=\"2026-05-02T05:39:57+00:00\" \/>\n<meta property=\"article:modified_time\" content=\"2026-05-02T05:41:26+00:00\" \/>\n<meta property=\"og:image\" content=\"https:\/\/uni-crema.it\/uni-crema\/wp-content\/uploads\/2026\/05\/2026-05-20-tommaso-greco.jpg\" \/>\n\t<meta property=\"og:image:width\" content=\"400\" \/>\n\t<meta property=\"og:image:height\" content=\"300\" \/>\n\t<meta property=\"og:image:type\" content=\"image\/jpeg\" \/>\n<meta name=\"author\" content=\"admin\" \/>\n<meta name=\"twitter:card\" content=\"summary_large_image\" \/>\n<meta name=\"twitter:label1\" content=\"Scritto da\" \/>\n\t<meta name=\"twitter:data1\" content=\"admin\" \/>\n\t<meta name=\"twitter:label2\" content=\"Tempo di lettura stimato\" \/>\n\t<meta name=\"twitter:data2\" content=\"3 minuti\" \/>\n<script type=\"application\/ld+json\" class=\"yoast-schema-graph\">{\"@context\":\"https:\\\/\\\/schema.org\",\"@graph\":[{\"@type\":\"Article\",\"@id\":\"https:\\\/\\\/uni-crema.it\\\/uni-crema\\\/2026\\\/05\\\/02\\\/lectio-magistralis-con-il-prof-tommaso-greco\\\/#article\",\"isPartOf\":{\"@id\":\"https:\\\/\\\/uni-crema.it\\\/uni-crema\\\/2026\\\/05\\\/02\\\/lectio-magistralis-con-il-prof-tommaso-greco\\\/\"},\"author\":{\"name\":\"admin\",\"@id\":\"https:\\\/\\\/uni-crema.it\\\/uni-crema\\\/#\\\/schema\\\/person\\\/cfe1a0a64654788fe56bb76b1ff14816\"},\"headline\":\"Lectio magistralis con il prof. Tommaso Greco\",\"datePublished\":\"2026-05-02T05:39:57+00:00\",\"dateModified\":\"2026-05-02T05:41:26+00:00\",\"mainEntityOfPage\":{\"@id\":\"https:\\\/\\\/uni-crema.it\\\/uni-crema\\\/2026\\\/05\\\/02\\\/lectio-magistralis-con-il-prof-tommaso-greco\\\/\"},\"wordCount\":335,\"publisher\":{\"@id\":\"https:\\\/\\\/uni-crema.it\\\/uni-crema\\\/#organization\"},\"image\":{\"@id\":\"https:\\\/\\\/uni-crema.it\\\/uni-crema\\\/2026\\\/05\\\/02\\\/lectio-magistralis-con-il-prof-tommaso-greco\\\/#primaryimage\"},\"thumbnailUrl\":\"https:\\\/\\\/uni-crema.it\\\/uni-crema\\\/wp-content\\\/uploads\\\/2026\\\/05\\\/2026-05-20-tommaso-greco.jpg\",\"articleSection\":[\"Notizie in evidenza\"],\"inLanguage\":\"it-IT\"},{\"@type\":\"WebPage\",\"@id\":\"https:\\\/\\\/uni-crema.it\\\/uni-crema\\\/2026\\\/05\\\/02\\\/lectio-magistralis-con-il-prof-tommaso-greco\\\/\",\"url\":\"https:\\\/\\\/uni-crema.it\\\/uni-crema\\\/2026\\\/05\\\/02\\\/lectio-magistralis-con-il-prof-tommaso-greco\\\/\",\"name\":\"Lectio magistralis con il prof. Tommaso Greco - UNI-Crema\",\"isPartOf\":{\"@id\":\"https:\\\/\\\/uni-crema.it\\\/uni-crema\\\/#website\"},\"primaryImageOfPage\":{\"@id\":\"https:\\\/\\\/uni-crema.it\\\/uni-crema\\\/2026\\\/05\\\/02\\\/lectio-magistralis-con-il-prof-tommaso-greco\\\/#primaryimage\"},\"image\":{\"@id\":\"https:\\\/\\\/uni-crema.it\\\/uni-crema\\\/2026\\\/05\\\/02\\\/lectio-magistralis-con-il-prof-tommaso-greco\\\/#primaryimage\"},\"thumbnailUrl\":\"https:\\\/\\\/uni-crema.it\\\/uni-crema\\\/wp-content\\\/uploads\\\/2026\\\/05\\\/2026-05-20-tommaso-greco.jpg\",\"datePublished\":\"2026-05-02T05:39:57+00:00\",\"dateModified\":\"2026-05-02T05:41:26+00:00\",\"breadcrumb\":{\"@id\":\"https:\\\/\\\/uni-crema.it\\\/uni-crema\\\/2026\\\/05\\\/02\\\/lectio-magistralis-con-il-prof-tommaso-greco\\\/#breadcrumb\"},\"inLanguage\":\"it-IT\",\"potentialAction\":[{\"@type\":\"ReadAction\",\"target\":[\"https:\\\/\\\/uni-crema.it\\\/uni-crema\\\/2026\\\/05\\\/02\\\/lectio-magistralis-con-il-prof-tommaso-greco\\\/\"]}]},{\"@type\":\"ImageObject\",\"inLanguage\":\"it-IT\",\"@id\":\"https:\\\/\\\/uni-crema.it\\\/uni-crema\\\/2026\\\/05\\\/02\\\/lectio-magistralis-con-il-prof-tommaso-greco\\\/#primaryimage\",\"url\":\"https:\\\/\\\/uni-crema.it\\\/uni-crema\\\/wp-content\\\/uploads\\\/2026\\\/05\\\/2026-05-20-tommaso-greco.jpg\",\"contentUrl\":\"https:\\\/\\\/uni-crema.it\\\/uni-crema\\\/wp-content\\\/uploads\\\/2026\\\/05\\\/2026-05-20-tommaso-greco.jpg\",\"width\":400,\"height\":300,\"caption\":\"Tommaso Greco\"},{\"@type\":\"BreadcrumbList\",\"@id\":\"https:\\\/\\\/uni-crema.it\\\/uni-crema\\\/2026\\\/05\\\/02\\\/lectio-magistralis-con-il-prof-tommaso-greco\\\/#breadcrumb\",\"itemListElement\":[{\"@type\":\"ListItem\",\"position\":1,\"name\":\"Home\",\"item\":\"https:\\\/\\\/uni-crema.it\\\/uni-crema\\\/\"},{\"@type\":\"ListItem\",\"position\":2,\"name\":\"Lectio magistralis con il prof. Tommaso Greco\"}]},{\"@type\":\"WebSite\",\"@id\":\"https:\\\/\\\/uni-crema.it\\\/uni-crema\\\/#website\",\"url\":\"https:\\\/\\\/uni-crema.it\\\/uni-crema\\\/\",\"name\":\"UNI-Crema\",\"description\":\"Libera Universit\u00e0 per l&#039;Et\u00e0 Adulta\",\"publisher\":{\"@id\":\"https:\\\/\\\/uni-crema.it\\\/uni-crema\\\/#organization\"},\"alternateName\":\"UNI-Crema\",\"potentialAction\":[{\"@type\":\"SearchAction\",\"target\":{\"@type\":\"EntryPoint\",\"urlTemplate\":\"https:\\\/\\\/uni-crema.it\\\/uni-crema\\\/?s={search_term_string}\"},\"query-input\":{\"@type\":\"PropertyValueSpecification\",\"valueRequired\":true,\"valueName\":\"search_term_string\"}}],\"inLanguage\":\"it-IT\"},{\"@type\":\"Organization\",\"@id\":\"https:\\\/\\\/uni-crema.it\\\/uni-crema\\\/#organization\",\"name\":\"uni-Crema\",\"alternateName\":\"Libera Universit\u00e0 per l'Et\u00e0 Adulta\",\"url\":\"https:\\\/\\\/uni-crema.it\\\/uni-crema\\\/\",\"logo\":{\"@type\":\"ImageObject\",\"inLanguage\":\"it-IT\",\"@id\":\"https:\\\/\\\/uni-crema.it\\\/uni-crema\\\/#\\\/schema\\\/logo\\\/image\\\/\",\"url\":\"https:\\\/\\\/uni-crema.it\\\/uni-crema\\\/wp-content\\\/uploads\\\/2022\\\/10\\\/kigo-UNI-Crema.png\",\"contentUrl\":\"https:\\\/\\\/uni-crema.it\\\/uni-crema\\\/wp-content\\\/uploads\\\/2022\\\/10\\\/kigo-UNI-Crema.png\",\"width\":292,\"height\":234,\"caption\":\"uni-Crema\"},\"image\":{\"@id\":\"https:\\\/\\\/uni-crema.it\\\/uni-crema\\\/#\\\/schema\\\/logo\\\/image\\\/\"}},{\"@type\":\"Person\",\"@id\":\"https:\\\/\\\/uni-crema.it\\\/uni-crema\\\/#\\\/schema\\\/person\\\/cfe1a0a64654788fe56bb76b1ff14816\",\"name\":\"admin\",\"image\":{\"@type\":\"ImageObject\",\"inLanguage\":\"it-IT\",\"@id\":\"https:\\\/\\\/secure.gravatar.com\\\/avatar\\\/88214e2decd2e7f1897b7efe07c01fd3e24142626dfbca18f4e479a8adbb6540?s=96&d=mm&r=g\",\"url\":\"https:\\\/\\\/secure.gravatar.com\\\/avatar\\\/88214e2decd2e7f1897b7efe07c01fd3e24142626dfbca18f4e479a8adbb6540?s=96&d=mm&r=g\",\"contentUrl\":\"https:\\\/\\\/secure.gravatar.com\\\/avatar\\\/88214e2decd2e7f1897b7efe07c01fd3e24142626dfbca18f4e479a8adbb6540?s=96&d=mm&r=g\",\"caption\":\"admin\"},\"sameAs\":[\"https:\\\/\\\/uni-crema.it\\\/uni-crema\"],\"url\":\"https:\\\/\\\/uni-crema.it\\\/uni-crema\\\/author\\\/admin\\\/\"}]}<\/script>\n<!-- \/ Yoast SEO plugin. -->","yoast_head_json":{"title":"Lectio magistralis con il prof. Tommaso Greco - UNI-Crema","robots":{"index":"index","follow":"follow","max-snippet":"max-snippet:-1","max-image-preview":"max-image-preview:large","max-video-preview":"max-video-preview:-1"},"canonical":"https:\/\/uni-crema.it\/uni-crema\/2026\/05\/02\/lectio-magistralis-con-il-prof-tommaso-greco\/","og_locale":"it_IT","og_type":"article","og_title":"Lectio magistralis con il prof. Tommaso Greco - UNI-Crema","og_description":"Mercoled\u00ec 20 maggio un incontro intitolato \"Mai pi\u00f9 guerra. Un'utopia da dimenticare?\"","og_url":"https:\/\/uni-crema.it\/uni-crema\/2026\/05\/02\/lectio-magistralis-con-il-prof-tommaso-greco\/","og_site_name":"UNI-Crema","article_published_time":"2026-05-02T05:39:57+00:00","article_modified_time":"2026-05-02T05:41:26+00:00","og_image":[{"width":400,"height":300,"url":"https:\/\/uni-crema.it\/uni-crema\/wp-content\/uploads\/2026\/05\/2026-05-20-tommaso-greco.jpg","type":"image\/jpeg"}],"author":"admin","twitter_card":"summary_large_image","twitter_misc":{"Scritto da":"admin","Tempo di lettura stimato":"3 minuti"},"schema":{"@context":"https:\/\/schema.org","@graph":[{"@type":"Article","@id":"https:\/\/uni-crema.it\/uni-crema\/2026\/05\/02\/lectio-magistralis-con-il-prof-tommaso-greco\/#article","isPartOf":{"@id":"https:\/\/uni-crema.it\/uni-crema\/2026\/05\/02\/lectio-magistralis-con-il-prof-tommaso-greco\/"},"author":{"name":"admin","@id":"https:\/\/uni-crema.it\/uni-crema\/#\/schema\/person\/cfe1a0a64654788fe56bb76b1ff14816"},"headline":"Lectio magistralis con il prof. Tommaso Greco","datePublished":"2026-05-02T05:39:57+00:00","dateModified":"2026-05-02T05:41:26+00:00","mainEntityOfPage":{"@id":"https:\/\/uni-crema.it\/uni-crema\/2026\/05\/02\/lectio-magistralis-con-il-prof-tommaso-greco\/"},"wordCount":335,"publisher":{"@id":"https:\/\/uni-crema.it\/uni-crema\/#organization"},"image":{"@id":"https:\/\/uni-crema.it\/uni-crema\/2026\/05\/02\/lectio-magistralis-con-il-prof-tommaso-greco\/#primaryimage"},"thumbnailUrl":"https:\/\/uni-crema.it\/uni-crema\/wp-content\/uploads\/2026\/05\/2026-05-20-tommaso-greco.jpg","articleSection":["Notizie in evidenza"],"inLanguage":"it-IT"},{"@type":"WebPage","@id":"https:\/\/uni-crema.it\/uni-crema\/2026\/05\/02\/lectio-magistralis-con-il-prof-tommaso-greco\/","url":"https:\/\/uni-crema.it\/uni-crema\/2026\/05\/02\/lectio-magistralis-con-il-prof-tommaso-greco\/","name":"Lectio magistralis con il prof. Tommaso Greco - UNI-Crema","isPartOf":{"@id":"https:\/\/uni-crema.it\/uni-crema\/#website"},"primaryImageOfPage":{"@id":"https:\/\/uni-crema.it\/uni-crema\/2026\/05\/02\/lectio-magistralis-con-il-prof-tommaso-greco\/#primaryimage"},"image":{"@id":"https:\/\/uni-crema.it\/uni-crema\/2026\/05\/02\/lectio-magistralis-con-il-prof-tommaso-greco\/#primaryimage"},"thumbnailUrl":"https:\/\/uni-crema.it\/uni-crema\/wp-content\/uploads\/2026\/05\/2026-05-20-tommaso-greco.jpg","datePublished":"2026-05-02T05:39:57+00:00","dateModified":"2026-05-02T05:41:26+00:00","breadcrumb":{"@id":"https:\/\/uni-crema.it\/uni-crema\/2026\/05\/02\/lectio-magistralis-con-il-prof-tommaso-greco\/#breadcrumb"},"inLanguage":"it-IT","potentialAction":[{"@type":"ReadAction","target":["https:\/\/uni-crema.it\/uni-crema\/2026\/05\/02\/lectio-magistralis-con-il-prof-tommaso-greco\/"]}]},{"@type":"ImageObject","inLanguage":"it-IT","@id":"https:\/\/uni-crema.it\/uni-crema\/2026\/05\/02\/lectio-magistralis-con-il-prof-tommaso-greco\/#primaryimage","url":"https:\/\/uni-crema.it\/uni-crema\/wp-content\/uploads\/2026\/05\/2026-05-20-tommaso-greco.jpg","contentUrl":"https:\/\/uni-crema.it\/uni-crema\/wp-content\/uploads\/2026\/05\/2026-05-20-tommaso-greco.jpg","width":400,"height":300,"caption":"Tommaso Greco"},{"@type":"BreadcrumbList","@id":"https:\/\/uni-crema.it\/uni-crema\/2026\/05\/02\/lectio-magistralis-con-il-prof-tommaso-greco\/#breadcrumb","itemListElement":[{"@type":"ListItem","position":1,"name":"Home","item":"https:\/\/uni-crema.it\/uni-crema\/"},{"@type":"ListItem","position":2,"name":"Lectio magistralis con il prof. Tommaso Greco"}]},{"@type":"WebSite","@id":"https:\/\/uni-crema.it\/uni-crema\/#website","url":"https:\/\/uni-crema.it\/uni-crema\/","name":"UNI-Crema","description":"Libera Universit\u00e0 per l&#039;Et\u00e0 Adulta","publisher":{"@id":"https:\/\/uni-crema.it\/uni-crema\/#organization"},"alternateName":"UNI-Crema","potentialAction":[{"@type":"SearchAction","target":{"@type":"EntryPoint","urlTemplate":"https:\/\/uni-crema.it\/uni-crema\/?s={search_term_string}"},"query-input":{"@type":"PropertyValueSpecification","valueRequired":true,"valueName":"search_term_string"}}],"inLanguage":"it-IT"},{"@type":"Organization","@id":"https:\/\/uni-crema.it\/uni-crema\/#organization","name":"uni-Crema","alternateName":"Libera Universit\u00e0 per l'Et\u00e0 Adulta","url":"https:\/\/uni-crema.it\/uni-crema\/","logo":{"@type":"ImageObject","inLanguage":"it-IT","@id":"https:\/\/uni-crema.it\/uni-crema\/#\/schema\/logo\/image\/","url":"https:\/\/uni-crema.it\/uni-crema\/wp-content\/uploads\/2022\/10\/kigo-UNI-Crema.png","contentUrl":"https:\/\/uni-crema.it\/uni-crema\/wp-content\/uploads\/2022\/10\/kigo-UNI-Crema.png","width":292,"height":234,"caption":"uni-Crema"},"image":{"@id":"https:\/\/uni-crema.it\/uni-crema\/#\/schema\/logo\/image\/"}},{"@type":"Person","@id":"https:\/\/uni-crema.it\/uni-crema\/#\/schema\/person\/cfe1a0a64654788fe56bb76b1ff14816","name":"admin","image":{"@type":"ImageObject","inLanguage":"it-IT","@id":"https:\/\/secure.gravatar.com\/avatar\/88214e2decd2e7f1897b7efe07c01fd3e24142626dfbca18f4e479a8adbb6540?s=96&d=mm&r=g","url":"https:\/\/secure.gravatar.com\/avatar\/88214e2decd2e7f1897b7efe07c01fd3e24142626dfbca18f4e479a8adbb6540?s=96&d=mm&r=g","contentUrl":"https:\/\/secure.gravatar.com\/avatar\/88214e2decd2e7f1897b7efe07c01fd3e24142626dfbca18f4e479a8adbb6540?s=96&d=mm&r=g","caption":"admin"},"sameAs":["https:\/\/uni-crema.it\/uni-crema"],"url":"https:\/\/uni-crema.it\/uni-crema\/author\/admin\/"}]}},"publishpress_future_action":{"enabled":true,"date":"2026-05-20 18:00:00","action":"change-status","newStatus":"draft","terms":[0],"taxonomy":"category","extraData":[]},"publishpress_future_workflow_manual_trigger":{"enabledWorkflows":[]},"_links":{"self":[{"href":"https:\/\/uni-crema.it\/uni-crema\/wp-json\/wp\/v2\/posts\/15606","targetHints":{"allow":["GET"]}}],"collection":[{"href":"https:\/\/uni-crema.it\/uni-crema\/wp-json\/wp\/v2\/posts"}],"about":[{"href":"https:\/\/uni-crema.it\/uni-crema\/wp-json\/wp\/v2\/types\/post"}],"author":[{"embeddable":true,"href":"https:\/\/uni-crema.it\/uni-crema\/wp-json\/wp\/v2\/users\/1"}],"replies":[{"embeddable":true,"href":"https:\/\/uni-crema.it\/uni-crema\/wp-json\/wp\/v2\/comments?post=15606"}],"version-history":[{"count":3,"href":"https:\/\/uni-crema.it\/uni-crema\/wp-json\/wp\/v2\/posts\/15606\/revisions"}],"predecessor-version":[{"id":15611,"href":"https:\/\/uni-crema.it\/uni-crema\/wp-json\/wp\/v2\/posts\/15606\/revisions\/15611"}],"wp:featuredmedia":[{"embeddable":true,"href":"https:\/\/uni-crema.it\/uni-crema\/wp-json\/wp\/v2\/media\/15608"}],"wp:attachment":[{"href":"https:\/\/uni-crema.it\/uni-crema\/wp-json\/wp\/v2\/media?parent=15606"}],"wp:term":[{"taxonomy":"category","embeddable":true,"href":"https:\/\/uni-crema.it\/uni-crema\/wp-json\/wp\/v2\/categories?post=15606"},{"taxonomy":"post_tag","embeddable":true,"href":"https:\/\/uni-crema.it\/uni-crema\/wp-json\/wp\/v2\/tags?post=15606"},{"taxonomy":"post_folder","embeddable":true,"href":"https:\/\/uni-crema.it\/uni-crema\/wp-json\/wp\/v2\/post_folder?post=15606"}],"curies":[{"name":"wp","href":"https:\/\/api.w.org\/{rel}","templated":true}]}}